{"id":2984,"date":"2017-09-21T15:12:03","date_gmt":"2017-09-21T15:12:03","guid":{"rendered":"https:\/\/italchamber.qc.ca\/laccordo-economico-e-commerciale-ue-canada-entra-in-vigore\/"},"modified":"2017-09-21T15:12:03","modified_gmt":"2017-09-21T15:12:03","slug":"laccordo-economico-e-commerciale-ue-canada-entra-in-vigore","status":"publish","type":"post","link":"https:\/\/italchamber.qc.ca\/it\/laccordo-economico-e-commerciale-ue-canada-entra-in-vigore\/","title":{"rendered":"L&#8217;accordo economico e commerciale UE-Canada entra in vigore"},"content":{"rendered":"<p>Il 21 settembre \u00e8 entrato in vigore, a titolo provvisorio, l&#8217;accordo economico e commerciale globale (CETA) tra l&#8217;UE e il Canada.<\/p>\n<p>Plaudendo all&#8217;evento, che rappresenta una pietra miliare della politica commerciale dell&#8217;UE, Jean-Claude\u00a0<strong>Juncker<\/strong>, Presidente della Commissione europea, ha dichiarato: &#8220;<em>L&#8217;accordo rispecchia perfettamente la nostra idea di politica commerciale: uno strumento atto a stimolare la crescita che apporta benefici alle imprese e ai cittadini europei, ma in grado anche di trasmettere i nostri valori, di gestire correttamente la globalizzazione e di plasmare le regole del commercio globale. L&#8217;approfondito controllo parlamentare cui l&#8217;accordo \u00e8 stato sottoposto testimonia il crescente interesse dei cittadini nei confronti della politica commerciale. Gli intensi scambi che hanno caratterizzato l&#8217;intero iter dell&#8217;accordo attestano la natura democratica del processo decisionale europeo. Auspico che gli Stati membri conducano una discussione approfondita nel contesto dei processi di ratifica dell&#8217;accordo in corso a livello nazionale. Per le nostre imprese e per i nostri cittadini \u00e8 giunto il momento di cogliere tale opportunit\u00e0; ognuno deve poter constatare che la nostra politica commerciale \u00e8 in grado di apportare vantaggi concreti per tutti&#8221;.<\/em><\/p>\n<p><strong>Quali saranno gli effetti del CETA?<\/strong><\/p>\n<p>Il CETA offre alle imprese dell&#8217;UE di tutte le dimensioni nuove opportunit\u00e0 di esportazione in Canada. Consentir\u00e0 alle imprese dell&#8217;UE di risparmiare 590 milioni di euro l&#8217;anno, attualmente pagati per dazi doganali su merci esportate in Canada. A partire dal 21 settembre <strong>il CETA eliminer\u00e0 i dazi su 98% dei prodotti<\/strong> (linee tariffarie) commercializzati dall&#8217;UE con il Canada. L&#8217;accordo fornisce inoltre alle imprese dell&#8217;UE la <strong>migliore opportunit\u00e0<\/strong> mai offerta a societ\u00e0 non canadesi<strong> di partecipare alle gare d&#8217;appalto pubbliche del paese<\/strong>, non solo a livello federale ma anche a livello provinciale e municipale.<\/p>\n<p>L&#8217;accordo apporter\u00e0 vantaggi in particolare alle <strong>piccole imprese<\/strong>, che meno di tutte possono farsi carico dei costi della burocrazia connessi all&#8217;esportazione in Canada. Le piccole imprese risparmieranno tempo e denaro, ad esempio evitando la duplicazione delle prove sui prodotti, lunghe procedure doganali e costose spese legali. Le autorit\u00e0 degli Stati membri responsabili della promozione delle esportazioni sono a disposizione delle imprese che desiderano iniziare a esportare oltremare e sono pronte a intensificare gli scambi esistenti e ad attrarre gli investimenti.<\/p>\n<p>Il CETA <strong>protegger\u00e0 anche 143 &#8220;indicazioni geografiche&#8221; dell&#8217;UE<\/strong> in Canada e prodotti alimentari e bevande regionali di alta qualit\u00e0.<\/p>\n<p>Per un&#8217;overview del CETA :\u00a0<a href=\"https:\/\/italchamber.qc.ca\/wp-content\/uploads\/2017\/09\/CETA-Overview.pdf\">CETA Overview<\/a><\/p>\n","protected":false},"excerpt":{"rendered":"<p>Il 21 settembre \u00e8 entrato in vigore, a titolo provvisorio, l&#8217;accordo economico e commerciale globale (CETA) tra l&#8217;UE e il Canada. Plaudendo all&#8217;evento, che rappresenta una pietra miliare della politica commerciale dell&#8217;UE, Jean-Claude\u00a0Juncker, Presidente della Commissione europea, ha dichiarato: &#8220;L&#8217;accordo rispecchia perfettamente la nostra idea di politica commerciale: uno strumento atto a stimolare la crescita [&hellip;]<\/p>\n","protected":false},"author":1,"featured_media":2985,"comment_status":"closed","ping_status":"closed","sticky":false,"template":"","format":"standard","meta":{"_acf_changed":false,"inline_featured_image":false,"footnotes":""},"categories":[158,104],"tags":[112],"class_list":["post-2984","post","type-post","status-publish","format-standard","has-post-thumbnail","hentry","category-ccic-news-news-it-2","category-news-it-2","tag-featured-it-2"],"acf":[],"yoast_head":"<!-- This site is optimized with the Yoast SEO plugin v27.4 - https:\/\/yoast.com\/product\/yoast-seo-wordpress\/ -->\n<title>L&#039;accordo economico e commerciale UE-Canada entra in vigore - ICCC<\/title>\n<meta name=\"robots\" content=\"index, follow, max-snippet:-1, max-image-preview:large, max-video-preview:-1\" \/>\n<link rel=\"canonical\" href=\"https:\/\/italchamber.qc.ca\/it\/laccordo-economico-e-commerciale-ue-canada-entra-in-vigore\/\" \/>\n<meta property=\"og:locale\" content=\"it_IT\" \/>\n<meta property=\"og:type\" content=\"article\" \/>\n<meta property=\"og:title\" content=\"L&#039;accordo economico e commerciale UE-Canada entra in vigore - ICCC\" \/>\n<meta property=\"og:description\" content=\"Il 21 settembre \u00e8 entrato in vigore, a titolo provvisorio, l&#8217;accordo economico e commerciale globale (CETA) tra l&#8217;UE e il Canada. Plaudendo all&#8217;evento, che rappresenta una pietra miliare della politica commerciale dell&#8217;UE, Jean-Claude\u00a0Juncker, Presidente della Commissione europea, ha dichiarato: &#8220;L&#8217;accordo rispecchia perfettamente la nostra idea di politica commerciale: uno strumento atto a stimolare la crescita [&hellip;]\" \/>\n<meta property=\"og:url\" content=\"https:\/\/italchamber.qc.ca\/it\/laccordo-economico-e-commerciale-ue-canada-entra-in-vigore\/\" \/>\n<meta property=\"og:site_name\" content=\"ICCC\" \/>\n<meta property=\"article:published_time\" content=\"2017-09-21T15:12:03+00:00\" \/>\n<meta property=\"og:image\" content=\"https:\/\/italchamber.qc.ca\/wp-content\/uploads\/2024\/10\/CETA-ENG-webpage.png\" \/>\n\t<meta property=\"og:image:width\" content=\"860\" \/>\n\t<meta property=\"og:image:height\" content=\"315\" \/>\n\t<meta property=\"og:image:type\" content=\"image\/png\" \/>\n<meta name=\"author\" content=\"motto\" \/>\n<meta name=\"twitter:card\" content=\"summary_large_image\" \/>\n<meta name=\"twitter:label1\" content=\"Scritto da\" \/>\n\t<meta name=\"twitter:data1\" content=\"motto\" \/>\n\t<meta name=\"twitter:label2\" content=\"Tempo di lettura stimato\" \/>\n\t<meta name=\"twitter:data2\" content=\"2 minuti\" \/>\n<script type=\"application\/ld+json\" class=\"yoast-schema-graph\">{\"@context\":\"https:\\\/\\\/schema.org\",\"@graph\":[{\"@type\":\"Article\",\"@id\":\"https:\\\/\\\/italchamber.qc.ca\\\/it\\\/laccordo-economico-e-commerciale-ue-canada-entra-in-vigore\\\/#article\",\"isPartOf\":{\"@id\":\"https:\\\/\\\/italchamber.qc.ca\\\/it\\\/laccordo-economico-e-commerciale-ue-canada-entra-in-vigore\\\/\"},\"author\":{\"name\":\"motto\",\"@id\":\"https:\\\/\\\/italchamber.qc.ca\\\/it\\\/#\\\/schema\\\/person\\\/5d0a4b1c8e83b4e9dd9922240324353e\"},\"headline\":\"L&#8217;accordo economico e commerciale UE-Canada entra in vigore\",\"datePublished\":\"2017-09-21T15:12:03+00:00\",\"mainEntityOfPage\":{\"@id\":\"https:\\\/\\\/italchamber.qc.ca\\\/it\\\/laccordo-economico-e-commerciale-ue-canada-entra-in-vigore\\\/\"},\"wordCount\":404,\"publisher\":{\"@id\":\"https:\\\/\\\/italchamber.qc.ca\\\/it\\\/#organization\"},\"image\":{\"@id\":\"https:\\\/\\\/italchamber.qc.ca\\\/it\\\/laccordo-economico-e-commerciale-ue-canada-entra-in-vigore\\\/#primaryimage\"},\"thumbnailUrl\":\"https:\\\/\\\/italchamber.qc.ca\\\/wp-content\\\/uploads\\\/2024\\\/10\\\/CETA-ENG-webpage.png\",\"keywords\":[\"Featured\"],\"articleSection\":[\"CCIC News\",\"News\"],\"inLanguage\":\"it-IT\"},{\"@type\":\"WebPage\",\"@id\":\"https:\\\/\\\/italchamber.qc.ca\\\/it\\\/laccordo-economico-e-commerciale-ue-canada-entra-in-vigore\\\/\",\"url\":\"https:\\\/\\\/italchamber.qc.ca\\\/it\\\/laccordo-economico-e-commerciale-ue-canada-entra-in-vigore\\\/\",\"name\":\"L'accordo economico e commerciale UE-Canada entra in vigore - ICCC\",\"isPartOf\":{\"@id\":\"https:\\\/\\\/italchamber.qc.ca\\\/it\\\/#website\"},\"primaryImageOfPage\":{\"@id\":\"https:\\\/\\\/italchamber.qc.ca\\\/it\\\/laccordo-economico-e-commerciale-ue-canada-entra-in-vigore\\\/#primaryimage\"},\"image\":{\"@id\":\"https:\\\/\\\/italchamber.qc.ca\\\/it\\\/laccordo-economico-e-commerciale-ue-canada-entra-in-vigore\\\/#primaryimage\"},\"thumbnailUrl\":\"https:\\\/\\\/italchamber.qc.ca\\\/wp-content\\\/uploads\\\/2024\\\/10\\\/CETA-ENG-webpage.png\",\"datePublished\":\"2017-09-21T15:12:03+00:00\",\"breadcrumb\":{\"@id\":\"https:\\\/\\\/italchamber.qc.ca\\\/it\\\/laccordo-economico-e-commerciale-ue-canada-entra-in-vigore\\\/#breadcrumb\"},\"inLanguage\":\"it-IT\",\"potentialAction\":[{\"@type\":\"ReadAction\",\"target\":[\"https:\\\/\\\/italchamber.qc.ca\\\/it\\\/laccordo-economico-e-commerciale-ue-canada-entra-in-vigore\\\/\"]}]},{\"@type\":\"ImageObject\",\"inLanguage\":\"it-IT\",\"@id\":\"https:\\\/\\\/italchamber.qc.ca\\\/it\\\/laccordo-economico-e-commerciale-ue-canada-entra-in-vigore\\\/#primaryimage\",\"url\":\"https:\\\/\\\/italchamber.qc.ca\\\/wp-content\\\/uploads\\\/2024\\\/10\\\/CETA-ENG-webpage.png\",\"contentUrl\":\"https:\\\/\\\/italchamber.qc.ca\\\/wp-content\\\/uploads\\\/2024\\\/10\\\/CETA-ENG-webpage.png\",\"width\":860,\"height\":315},{\"@type\":\"BreadcrumbList\",\"@id\":\"https:\\\/\\\/italchamber.qc.ca\\\/it\\\/laccordo-economico-e-commerciale-ue-canada-entra-in-vigore\\\/#breadcrumb\",\"itemListElement\":[{\"@type\":\"ListItem\",\"position\":1,\"name\":\"Home\",\"item\":\"https:\\\/\\\/italchamber.qc.ca\\\/it\\\/home\\\/\"},{\"@type\":\"ListItem\",\"position\":2,\"name\":\"L&#8217;accordo economico e commerciale UE-Canada entra in vigore\"}]},{\"@type\":\"WebSite\",\"@id\":\"https:\\\/\\\/italchamber.qc.ca\\\/it\\\/#website\",\"url\":\"https:\\\/\\\/italchamber.qc.ca\\\/it\\\/\",\"name\":\"ICCC\",\"description\":\"Italian Chamber of Commerce in Canada\",\"publisher\":{\"@id\":\"https:\\\/\\\/italchamber.qc.ca\\\/it\\\/#organization\"},\"potentialAction\":[{\"@type\":\"SearchAction\",\"target\":{\"@type\":\"EntryPoint\",\"urlTemplate\":\"https:\\\/\\\/italchamber.qc.ca\\\/it\\\/?s={search_term_string}\"},\"query-input\":{\"@type\":\"PropertyValueSpecification\",\"valueRequired\":true,\"valueName\":\"search_term_string\"}}],\"inLanguage\":\"it-IT\"},{\"@type\":\"Organization\",\"@id\":\"https:\\\/\\\/italchamber.qc.ca\\\/it\\\/#organization\",\"name\":\"ICCC\",\"url\":\"https:\\\/\\\/italchamber.qc.ca\\\/it\\\/\",\"logo\":{\"@type\":\"ImageObject\",\"inLanguage\":\"it-IT\",\"@id\":\"https:\\\/\\\/italchamber.qc.ca\\\/it\\\/#\\\/schema\\\/logo\\\/image\\\/\",\"url\":\"https:\\\/\\\/italchamber.qc.ca\\\/wp-content\\\/uploads\\\/2025\\\/05\\\/ICCC-Logo-Italian.svg\",\"contentUrl\":\"https:\\\/\\\/italchamber.qc.ca\\\/wp-content\\\/uploads\\\/2025\\\/05\\\/ICCC-Logo-Italian.svg\",\"caption\":\"ICCC\"},\"image\":{\"@id\":\"https:\\\/\\\/italchamber.qc.ca\\\/it\\\/#\\\/schema\\\/logo\\\/image\\\/\"}},{\"@type\":\"Person\",\"@id\":\"https:\\\/\\\/italchamber.qc.ca\\\/it\\\/#\\\/schema\\\/person\\\/5d0a4b1c8e83b4e9dd9922240324353e\",\"name\":\"motto\",\"sameAs\":[\"http:\\\/\\\/italchamber.qc.ca\"]}]}<\/script>\n<!-- \/ Yoast SEO plugin. -->","yoast_head_json":{"title":"L'accordo economico e commerciale UE-Canada entra in vigore - ICCC","robots":{"index":"index","follow":"follow","max-snippet":"max-snippet:-1","max-image-preview":"max-image-preview:large","max-video-preview":"max-video-preview:-1"},"canonical":"https:\/\/italchamber.qc.ca\/it\/laccordo-economico-e-commerciale-ue-canada-entra-in-vigore\/","og_locale":"it_IT","og_type":"article","og_title":"L'accordo economico e commerciale UE-Canada entra in vigore - ICCC","og_description":"Il 21 settembre \u00e8 entrato in vigore, a titolo provvisorio, l&#8217;accordo economico e commerciale globale (CETA) tra l&#8217;UE e il Canada. Plaudendo all&#8217;evento, che rappresenta una pietra miliare della politica commerciale dell&#8217;UE, Jean-Claude\u00a0Juncker, Presidente della Commissione europea, ha dichiarato: &#8220;L&#8217;accordo rispecchia perfettamente la nostra idea di politica commerciale: uno strumento atto a stimolare la crescita [&hellip;]","og_url":"https:\/\/italchamber.qc.ca\/it\/laccordo-economico-e-commerciale-ue-canada-entra-in-vigore\/","og_site_name":"ICCC","article_published_time":"2017-09-21T15:12:03+00:00","og_image":[{"width":860,"height":315,"url":"https:\/\/italchamber.qc.ca\/wp-content\/uploads\/2024\/10\/CETA-ENG-webpage.png","type":"image\/png"}],"author":"motto","twitter_card":"summary_large_image","twitter_misc":{"Scritto da":"motto","Tempo di lettura stimato":"2 minuti"},"schema":{"@context":"https:\/\/schema.org","@graph":[{"@type":"Article","@id":"https:\/\/italchamber.qc.ca\/it\/laccordo-economico-e-commerciale-ue-canada-entra-in-vigore\/#article","isPartOf":{"@id":"https:\/\/italchamber.qc.ca\/it\/laccordo-economico-e-commerciale-ue-canada-entra-in-vigore\/"},"author":{"name":"motto","@id":"https:\/\/italchamber.qc.ca\/it\/#\/schema\/person\/5d0a4b1c8e83b4e9dd9922240324353e"},"headline":"L&#8217;accordo economico e commerciale UE-Canada entra in vigore","datePublished":"2017-09-21T15:12:03+00:00","mainEntityOfPage":{"@id":"https:\/\/italchamber.qc.ca\/it\/laccordo-economico-e-commerciale-ue-canada-entra-in-vigore\/"},"wordCount":404,"publisher":{"@id":"https:\/\/italchamber.qc.ca\/it\/#organization"},"image":{"@id":"https:\/\/italchamber.qc.ca\/it\/laccordo-economico-e-commerciale-ue-canada-entra-in-vigore\/#primaryimage"},"thumbnailUrl":"https:\/\/italchamber.qc.ca\/wp-content\/uploads\/2024\/10\/CETA-ENG-webpage.png","keywords":["Featured"],"articleSection":["CCIC News","News"],"inLanguage":"it-IT"},{"@type":"WebPage","@id":"https:\/\/italchamber.qc.ca\/it\/laccordo-economico-e-commerciale-ue-canada-entra-in-vigore\/","url":"https:\/\/italchamber.qc.ca\/it\/laccordo-economico-e-commerciale-ue-canada-entra-in-vigore\/","name":"L'accordo economico e commerciale UE-Canada entra in vigore - ICCC","isPartOf":{"@id":"https:\/\/italchamber.qc.ca\/it\/#website"},"primaryImageOfPage":{"@id":"https:\/\/italchamber.qc.ca\/it\/laccordo-economico-e-commerciale-ue-canada-entra-in-vigore\/#primaryimage"},"image":{"@id":"https:\/\/italchamber.qc.ca\/it\/laccordo-economico-e-commerciale-ue-canada-entra-in-vigore\/#primaryimage"},"thumbnailUrl":"https:\/\/italchamber.qc.ca\/wp-content\/uploads\/2024\/10\/CETA-ENG-webpage.png","datePublished":"2017-09-21T15:12:03+00:00","breadcrumb":{"@id":"https:\/\/italchamber.qc.ca\/it\/laccordo-economico-e-commerciale-ue-canada-entra-in-vigore\/#breadcrumb"},"inLanguage":"it-IT","potentialAction":[{"@type":"ReadAction","target":["https:\/\/italchamber.qc.ca\/it\/laccordo-economico-e-commerciale-ue-canada-entra-in-vigore\/"]}]},{"@type":"ImageObject","inLanguage":"it-IT","@id":"https:\/\/italchamber.qc.ca\/it\/laccordo-economico-e-commerciale-ue-canada-entra-in-vigore\/#primaryimage","url":"https:\/\/italchamber.qc.ca\/wp-content\/uploads\/2024\/10\/CETA-ENG-webpage.png","contentUrl":"https:\/\/italchamber.qc.ca\/wp-content\/uploads\/2024\/10\/CETA-ENG-webpage.png","width":860,"height":315},{"@type":"BreadcrumbList","@id":"https:\/\/italchamber.qc.ca\/it\/laccordo-economico-e-commerciale-ue-canada-entra-in-vigore\/#breadcrumb","itemListElement":[{"@type":"ListItem","position":1,"name":"Home","item":"https:\/\/italchamber.qc.ca\/it\/home\/"},{"@type":"ListItem","position":2,"name":"L&#8217;accordo economico e commerciale UE-Canada entra in vigore"}]},{"@type":"WebSite","@id":"https:\/\/italchamber.qc.ca\/it\/#website","url":"https:\/\/italchamber.qc.ca\/it\/","name":"ICCC","description":"Italian Chamber of Commerce in Canada","publisher":{"@id":"https:\/\/italchamber.qc.ca\/it\/#organization"},"potentialAction":[{"@type":"SearchAction","target":{"@type":"EntryPoint","urlTemplate":"https:\/\/italchamber.qc.ca\/it\/?s={search_term_string}"},"query-input":{"@type":"PropertyValueSpecification","valueRequired":true,"valueName":"search_term_string"}}],"inLanguage":"it-IT"},{"@type":"Organization","@id":"https:\/\/italchamber.qc.ca\/it\/#organization","name":"ICCC","url":"https:\/\/italchamber.qc.ca\/it\/","logo":{"@type":"ImageObject","inLanguage":"it-IT","@id":"https:\/\/italchamber.qc.ca\/it\/#\/schema\/logo\/image\/","url":"https:\/\/italchamber.qc.ca\/wp-content\/uploads\/2025\/05\/ICCC-Logo-Italian.svg","contentUrl":"https:\/\/italchamber.qc.ca\/wp-content\/uploads\/2025\/05\/ICCC-Logo-Italian.svg","caption":"ICCC"},"image":{"@id":"https:\/\/italchamber.qc.ca\/it\/#\/schema\/logo\/image\/"}},{"@type":"Person","@id":"https:\/\/italchamber.qc.ca\/it\/#\/schema\/person\/5d0a4b1c8e83b4e9dd9922240324353e","name":"motto","sameAs":["http:\/\/italchamber.qc.ca"]}]}},"_links":{"self":[{"href":"https:\/\/italchamber.qc.ca\/it\/wp-json\/wp\/v2\/posts\/2984","targetHints":{"allow":["GET"]}}],"collection":[{"href":"https:\/\/italchamber.qc.ca\/it\/wp-json\/wp\/v2\/posts"}],"about":[{"href":"https:\/\/italchamber.qc.ca\/it\/wp-json\/wp\/v2\/types\/post"}],"author":[{"embeddable":true,"href":"https:\/\/italchamber.qc.ca\/it\/wp-json\/wp\/v2\/users\/1"}],"replies":[{"embeddable":true,"href":"https:\/\/italchamber.qc.ca\/it\/wp-json\/wp\/v2\/comments?post=2984"}],"version-history":[{"count":0,"href":"https:\/\/italchamber.qc.ca\/it\/wp-json\/wp\/v2\/posts\/2984\/revisions"}],"wp:featuredmedia":[{"embeddable":true,"href":"https:\/\/italchamber.qc.ca\/it\/wp-json\/wp\/v2\/media\/2985"}],"wp:attachment":[{"href":"https:\/\/italchamber.qc.ca\/it\/wp-json\/wp\/v2\/media?parent=2984"}],"wp:term":[{"taxonomy":"category","embeddable":true,"href":"https:\/\/italchamber.qc.ca\/it\/wp-json\/wp\/v2\/categories?post=2984"},{"taxonomy":"post_tag","embeddable":true,"href":"https:\/\/italchamber.qc.ca\/it\/wp-json\/wp\/v2\/tags?post=2984"}],"curies":[{"name":"wp","href":"https:\/\/api.w.org\/{rel}","templated":true}]}}