{"id":2950,"date":"2017-06-21T15:23:05","date_gmt":"2017-06-21T15:23:05","guid":{"rendered":"https:\/\/italchamber.qc.ca\/premio-venezia-2017-appello-alle-candidature\/"},"modified":"2024-10-10T13:42:35","modified_gmt":"2024-10-10T13:42:35","slug":"premio-venezia-2017-appello-alle-candidature","status":"publish","type":"post","link":"https:\/\/italchamber.qc.ca\/it\/premio-venezia-2017-appello-alle-candidature\/","title":{"rendered":"Premio Venezia 2017 : Appello alle Candidature"},"content":{"rendered":"<p>La Camera di Commercio Italiana in Canada \u00e8 orgogliosa di presentare il <span style=\"color: #278fb8;\"><strong>Premio Venezia 2017<\/strong><\/span>. Giunto oramai alla sua 13\u00b0 Edizione, questo premio \u00e8 un riconoscimento conferito dalla Camera alle imprese, le istituzioni e gli individui che hanno contribuito al rafforzamento delle relazioni commerciali tra Italia e Canada.<\/p>\n<p>I premi dell\u2019edizione 2017 saranno assegnati nelle otto categorie seguenti:<\/p>\n<ul>\n<li><span style=\"color: #278fb8;\"><strong>Investmenti<\/strong><\/span><\/li>\n<\/ul>\n<ol>\n<li style=\"list-style-type: none;\">Un individuo o un&#8217;impresa che ha investito in una societ\u00e0 italiana o una societ\u00e0 canadese con l&#8217;obiettivo di entrare in un nuovo mercato (UE o NAFTA), al fine di ampliare la propria gamma di beni e servizi, accedere a nuove tecnologie a valore aggiunto ecc.<\/li>\n<\/ol>\n<ul>\n<li><span style=\"color: #278fb8;\"><strong>Industria<\/strong><\/span><\/li>\n<\/ul>\n<ol>\n<li style=\"list-style-type: none;\">Una azienda che ha contribuito alla promozione del <em>savoir-faire <\/em>e dell\u2019esperienza <em>Made in Italy<\/em>\u00a0o <em>Made in Canada<\/em>\u00a0nel settore industriale, e lo considera un valore aggiunto al successo dell\u2019azienda. (esempio: Impresa Candaese che utilizza equipaggiamento italiano per realizzare i suoi prodotti).<\/li>\n<\/ol>\n<ul>\n<li><span style=\"color: #278fb8;\"><strong>Commercio<\/strong><\/span><\/li>\n<\/ul>\n<ol>\n<li style=\"list-style-type: none;\">Un individuo o una compagnia che promuove il <em>Made in Italy<\/em>\u00a0o il <em>Made in Canada<\/em>\u00a0in termini di\u00a0<strong><em>innovazione<\/em><\/strong>,\u00a0<strong><em>creativit\u00e0<\/em><\/strong>,\u00a0<strong><em>qualit\u00e0<\/em><\/strong>, e\u00a0<strong><em>design<\/em><\/strong>\u00a0(beni di consumo, moda, design, etc.)<\/li>\n<\/ol>\n<ul>\n<li><span style=\"color: #278fb8;\"><strong>Made in Italy<\/strong><\/span><\/li>\n<\/ul>\n<ol>\n<li style=\"list-style-type: none;\">Azienda che promuove la qualit\u00e0 e l&#8217;autenticit\u00e0 dei prodotti Made in Italy e si basa su questa notoriet\u00e0 per il suo successo.<\/li>\n<\/ol>\n<ul>\n<li><span style=\"color: #278fb8;\"><strong>Collaborazioni scientifiche ed accademiche<\/strong><\/span><\/li>\n<\/ul>\n<ol>\n<li style=\"list-style-type: none;\">Universit\u00e0, laboratori e centri di ricerca che hanno collaborato a proggetti di ricerca e allo sviluppo tecnologico con partener italiani (condividendo competenze, materiale, personale, tecnologie, etc.)<\/li>\n<\/ol>\n<ul>\n<li><span style=\"color: #278fb8;\"><strong>Giovane imprenditore<\/strong><\/span><\/li>\n<\/ul>\n<ol>\n<li style=\"list-style-type: none;\">Imprenditore di et\u00e0 inferiore ai 40 anni contraddistintosi nel suo campo per aver promosso prodotti, servizi, esperienze, innovazioni Made in Italy o Made in Canada.<\/li>\n<\/ol>\n<ul>\n<li><span style=\"color: #278fb8;\"><strong>Grand Ambassadeur<\/strong><\/span><\/li>\n<\/ul>\n<ol>\n<li style=\"list-style-type: none;\">Persona influente distintasi nel corso della sua carriera per aver crearato del valore economico e aver rafforzarto le relazioni commerciali tra il Canada e l&#8217;Italia.<\/li>\n<\/ol>\n<ul>\n<li><span style=\"color: #278fb8;\"><strong>Patrimonio Italiano<\/strong><\/span><\/li>\n<\/ul>\n<ol>\n<li style=\"list-style-type: none;\">Persona o famiglia di origini Italiane che ha significamente contribuito allo sviluppo economico del Qu\u00e9bec e del Canada.<\/li>\n<\/ol>\n<p><span style=\"color: #278fb8;\"><strong>Cerimonia di Premiazione<\/strong><\/span><br \/>\nIl vincitore di ciascuna categoria sar\u00e0 premiato\u00a0<span style=\"color: #278fb8;\"><strong>Gioved\u00ec 5 Ottobre 2017<\/strong>,<\/span> alla presenza di 250 distinte personalit\u00e0 del mondo del business.<\/p>\n<p><span style=\"color: #278fb8;\"><strong>Presentazione delle candidature<\/strong><\/span><\/p>\n<p><strong><span style=\"color: #278fb8;\">Se pensate di essere un potenziale candidato<\/span>,\u00a0<\/strong>o se desiderate ricevere ulteriori informazioni, potete contattarci\u00a0<span style=\"color: #278fb8;\"><strong>entro e non oltre Venerd\u00ec 28 luglio 2017<\/strong><\/span>.<\/p>\n<p><span style=\"color: #278fb8;\"><strong>Giuria<\/strong><\/span><br \/>\nTutte le candidature saranno esaminate da una giuria composta da eminenti personalit\u00e0 del mondo del business. Presieduta dal sig. Paul E. Legault, avvocato associato di Miller Thomson, la Giuria 2017 \u00e8 composta dal sig. \u00c9ric Dequenne, Vice-presidente Affari Internazionali di Investissement Qu\u00e9bec; dalla sig.ra. Annie Raymond Direttrice, Regione del Quebec, Servizio allo sviluppo dei mercati a Deloitte e dal sig. Mark\u00a0Anthony Serri, Direttore, Fusioni e acquisizioni, Imprese nazionali, Fascia media\u00a0della RBC Royal Bank.<\/p>\n<p>&nbsp;<\/p>\n<p><span style=\"color: #278fb8;\"><strong>Nominations and information<\/strong><\/span>:<\/p>\n<p><strong>Monika Biskup<\/strong> \u00a0\u00a0@ : <a href=\"http:\/\/t.eflyermaker.com\/zbr\/p\/z\/jbv09\/n\/prsf\/p\/t.htm\">biskup.montreal@italchamber.qc.ca<\/a>\u00a0 \u00a0 \u00a0Tel : 514-844-4249 \u00a0ext. 224<\/p>\n<p><strong>For a list of the <span style=\"color: #278fb8;\">2016 winners<\/span> and <span style=\"color: #278fb8;\">pictures<\/span> of the ceremony\u00a0: <a href=\"https:\/\/italchamber.qc.ca\/events\/premio-venezia\/?lang=it\" target=\"_blank\" rel=\"noopener noreferrer\">click here<\/a><\/strong><\/p>\n<p><strong>To buy your <span style=\"color: #278fb8;\">tickets for the Award Ceremony<\/span> : <a href=\"https:\/\/premiovenezia2017.eventbrite.ca\" target=\"_blank\" rel=\"noopener noreferrer\">click here<\/a><\/strong><\/p>\n<p>&nbsp;<\/p>\n<p style=\"text-align: center;\"><strong>We\u00a0thank our Premio Venezia 2017 partners<\/strong><\/p>\n<p><img fetchpriority=\"high\" decoding=\"async\" class=\"wp-image-1840 size-full aligncenter\" src=\"https:\/\/italchamber.qc.ca\/wp-content\/uploads\/2024\/10\/PV-2017-2K-sponsors.jpg\" alt=\"\" width=\"851\" height=\"315\" \/><\/p>\n","protected":false},"excerpt":{"rendered":"<p>La Camera di Commercio Italiana in Canada \u00e8 orgogliosa di presentare il Premio Venezia 2017. Giunto oramai alla sua 13\u00b0 Edizione, questo premio \u00e8 un riconoscimento conferito dalla Camera alle imprese, le istituzioni e gli individui che hanno contribuito al rafforzamento delle relazioni commerciali tra Italia e Canada. I premi dell\u2019edizione 2017 saranno assegnati nelle [&hellip;]<\/p>\n","protected":false},"author":1,"featured_media":0,"comment_status":"closed","ping_status":"closed","sticky":false,"template":"","format":"standard","meta":{"_acf_changed":false,"inline_featured_image":false,"footnotes":""},"categories":[158,104],"tags":[112],"class_list":["post-2950","post","type-post","status-publish","format-standard","hentry","category-ccic-news-news-it-2","category-news-it-2","tag-featured-it-2"],"acf":[],"yoast_head":"<!-- This site is optimized with the Yoast SEO plugin v27.4 - https:\/\/yoast.com\/product\/yoast-seo-wordpress\/ -->\n<title>Premio Venezia 2017 : Appello alle Candidature - ICCC<\/title>\n<meta name=\"robots\" content=\"index, follow, max-snippet:-1, max-image-preview:large, max-video-preview:-1\" \/>\n<link rel=\"canonical\" href=\"https:\/\/italchamber.qc.ca\/it\/premio-venezia-2017-appello-alle-candidature\/\" \/>\n<meta property=\"og:locale\" content=\"it_IT\" \/>\n<meta property=\"og:type\" content=\"article\" \/>\n<meta property=\"og:title\" content=\"Premio Venezia 2017 : Appello alle Candidature - ICCC\" \/>\n<meta property=\"og:description\" content=\"La Camera di Commercio Italiana in Canada \u00e8 orgogliosa di presentare il Premio Venezia 2017. Giunto oramai alla sua 13\u00b0 Edizione, questo premio \u00e8 un riconoscimento conferito dalla Camera alle imprese, le istituzioni e gli individui che hanno contribuito al rafforzamento delle relazioni commerciali tra Italia e Canada. I premi dell\u2019edizione 2017 saranno assegnati nelle [&hellip;]\" \/>\n<meta property=\"og:url\" content=\"https:\/\/italchamber.qc.ca\/it\/premio-venezia-2017-appello-alle-candidature\/\" \/>\n<meta property=\"og:site_name\" content=\"ICCC\" \/>\n<meta property=\"article:published_time\" content=\"2017-06-21T15:23:05+00:00\" \/>\n<meta property=\"article:modified_time\" content=\"2024-10-10T13:42:35+00:00\" \/>\n<meta property=\"og:image\" content=\"https:\/\/italchamber.qc.ca\/wp-content\/uploads\/2024\/10\/PV-2017-2K-sponsors.jpg\" \/>\n<meta name=\"author\" content=\"motto\" \/>\n<meta name=\"twitter:card\" content=\"summary_large_image\" \/>\n<meta name=\"twitter:label1\" content=\"Scritto da\" \/>\n\t<meta name=\"twitter:data1\" content=\"motto\" \/>\n\t<meta name=\"twitter:label2\" content=\"Tempo di lettura stimato\" \/>\n\t<meta name=\"twitter:data2\" content=\"2 minuti\" \/>\n<script type=\"application\/ld+json\" class=\"yoast-schema-graph\">{\"@context\":\"https:\\\/\\\/schema.org\",\"@graph\":[{\"@type\":\"Article\",\"@id\":\"https:\\\/\\\/italchamber.qc.ca\\\/it\\\/premio-venezia-2017-appello-alle-candidature\\\/#article\",\"isPartOf\":{\"@id\":\"https:\\\/\\\/italchamber.qc.ca\\\/it\\\/premio-venezia-2017-appello-alle-candidature\\\/\"},\"author\":{\"name\":\"motto\",\"@id\":\"https:\\\/\\\/italchamber.qc.ca\\\/it\\\/#\\\/schema\\\/person\\\/5d0a4b1c8e83b4e9dd9922240324353e\"},\"headline\":\"Premio Venezia 2017 : Appello alle Candidature\",\"datePublished\":\"2017-06-21T15:23:05+00:00\",\"dateModified\":\"2024-10-10T13:42:35+00:00\",\"mainEntityOfPage\":{\"@id\":\"https:\\\/\\\/italchamber.qc.ca\\\/it\\\/premio-venezia-2017-appello-alle-candidature\\\/\"},\"wordCount\":480,\"publisher\":{\"@id\":\"https:\\\/\\\/italchamber.qc.ca\\\/it\\\/#organization\"},\"image\":{\"@id\":\"https:\\\/\\\/italchamber.qc.ca\\\/it\\\/premio-venezia-2017-appello-alle-candidature\\\/#primaryimage\"},\"thumbnailUrl\":\"https:\\\/\\\/italchamber.qc.ca\\\/wp-content\\\/uploads\\\/2024\\\/10\\\/PV-2017-2K-sponsors.jpg\",\"keywords\":[\"Featured\"],\"articleSection\":[\"CCIC News\",\"News\"],\"inLanguage\":\"it-IT\"},{\"@type\":\"WebPage\",\"@id\":\"https:\\\/\\\/italchamber.qc.ca\\\/it\\\/premio-venezia-2017-appello-alle-candidature\\\/\",\"url\":\"https:\\\/\\\/italchamber.qc.ca\\\/it\\\/premio-venezia-2017-appello-alle-candidature\\\/\",\"name\":\"Premio Venezia 2017 : Appello alle Candidature - ICCC\",\"isPartOf\":{\"@id\":\"https:\\\/\\\/italchamber.qc.ca\\\/it\\\/#website\"},\"primaryImageOfPage\":{\"@id\":\"https:\\\/\\\/italchamber.qc.ca\\\/it\\\/premio-venezia-2017-appello-alle-candidature\\\/#primaryimage\"},\"image\":{\"@id\":\"https:\\\/\\\/italchamber.qc.ca\\\/it\\\/premio-venezia-2017-appello-alle-candidature\\\/#primaryimage\"},\"thumbnailUrl\":\"https:\\\/\\\/italchamber.qc.ca\\\/wp-content\\\/uploads\\\/2024\\\/10\\\/PV-2017-2K-sponsors.jpg\",\"datePublished\":\"2017-06-21T15:23:05+00:00\",\"dateModified\":\"2024-10-10T13:42:35+00:00\",\"breadcrumb\":{\"@id\":\"https:\\\/\\\/italchamber.qc.ca\\\/it\\\/premio-venezia-2017-appello-alle-candidature\\\/#breadcrumb\"},\"inLanguage\":\"it-IT\",\"potentialAction\":[{\"@type\":\"ReadAction\",\"target\":[\"https:\\\/\\\/italchamber.qc.ca\\\/it\\\/premio-venezia-2017-appello-alle-candidature\\\/\"]}]},{\"@type\":\"ImageObject\",\"inLanguage\":\"it-IT\",\"@id\":\"https:\\\/\\\/italchamber.qc.ca\\\/it\\\/premio-venezia-2017-appello-alle-candidature\\\/#primaryimage\",\"url\":\"https:\\\/\\\/italchamber.qc.ca\\\/wp-content\\\/uploads\\\/2024\\\/10\\\/PV-2017-2K-sponsors.jpg\",\"contentUrl\":\"https:\\\/\\\/italchamber.qc.ca\\\/wp-content\\\/uploads\\\/2024\\\/10\\\/PV-2017-2K-sponsors.jpg\"},{\"@type\":\"BreadcrumbList\",\"@id\":\"https:\\\/\\\/italchamber.qc.ca\\\/it\\\/premio-venezia-2017-appello-alle-candidature\\\/#breadcrumb\",\"itemListElement\":[{\"@type\":\"ListItem\",\"position\":1,\"name\":\"Home\",\"item\":\"https:\\\/\\\/italchamber.qc.ca\\\/it\\\/home\\\/\"},{\"@type\":\"ListItem\",\"position\":2,\"name\":\"Premio Venezia 2017 : Appello alle Candidature\"}]},{\"@type\":\"WebSite\",\"@id\":\"https:\\\/\\\/italchamber.qc.ca\\\/it\\\/#website\",\"url\":\"https:\\\/\\\/italchamber.qc.ca\\\/it\\\/\",\"name\":\"ICCC\",\"description\":\"Italian Chamber of Commerce in Canada\",\"publisher\":{\"@id\":\"https:\\\/\\\/italchamber.qc.ca\\\/it\\\/#organization\"},\"potentialAction\":[{\"@type\":\"SearchAction\",\"target\":{\"@type\":\"EntryPoint\",\"urlTemplate\":\"https:\\\/\\\/italchamber.qc.ca\\\/it\\\/?s={search_term_string}\"},\"query-input\":{\"@type\":\"PropertyValueSpecification\",\"valueRequired\":true,\"valueName\":\"search_term_string\"}}],\"inLanguage\":\"it-IT\"},{\"@type\":\"Organization\",\"@id\":\"https:\\\/\\\/italchamber.qc.ca\\\/it\\\/#organization\",\"name\":\"ICCC\",\"url\":\"https:\\\/\\\/italchamber.qc.ca\\\/it\\\/\",\"logo\":{\"@type\":\"ImageObject\",\"inLanguage\":\"it-IT\",\"@id\":\"https:\\\/\\\/italchamber.qc.ca\\\/it\\\/#\\\/schema\\\/logo\\\/image\\\/\",\"url\":\"https:\\\/\\\/italchamber.qc.ca\\\/wp-content\\\/uploads\\\/2025\\\/05\\\/ICCC-Logo-Italian.svg\",\"contentUrl\":\"https:\\\/\\\/italchamber.qc.ca\\\/wp-content\\\/uploads\\\/2025\\\/05\\\/ICCC-Logo-Italian.svg\",\"caption\":\"ICCC\"},\"image\":{\"@id\":\"https:\\\/\\\/italchamber.qc.ca\\\/it\\\/#\\\/schema\\\/logo\\\/image\\\/\"}},{\"@type\":\"Person\",\"@id\":\"https:\\\/\\\/italchamber.qc.ca\\\/it\\\/#\\\/schema\\\/person\\\/5d0a4b1c8e83b4e9dd9922240324353e\",\"name\":\"motto\",\"sameAs\":[\"http:\\\/\\\/italchamber.qc.ca\"]}]}<\/script>\n<!-- \/ Yoast SEO plugin. -->","yoast_head_json":{"title":"Premio Venezia 2017 : Appello alle Candidature - ICCC","robots":{"index":"index","follow":"follow","max-snippet":"max-snippet:-1","max-image-preview":"max-image-preview:large","max-video-preview":"max-video-preview:-1"},"canonical":"https:\/\/italchamber.qc.ca\/it\/premio-venezia-2017-appello-alle-candidature\/","og_locale":"it_IT","og_type":"article","og_title":"Premio Venezia 2017 : Appello alle Candidature - ICCC","og_description":"La Camera di Commercio Italiana in Canada \u00e8 orgogliosa di presentare il Premio Venezia 2017. Giunto oramai alla sua 13\u00b0 Edizione, questo premio \u00e8 un riconoscimento conferito dalla Camera alle imprese, le istituzioni e gli individui che hanno contribuito al rafforzamento delle relazioni commerciali tra Italia e Canada. I premi dell\u2019edizione 2017 saranno assegnati nelle [&hellip;]","og_url":"https:\/\/italchamber.qc.ca\/it\/premio-venezia-2017-appello-alle-candidature\/","og_site_name":"ICCC","article_published_time":"2017-06-21T15:23:05+00:00","article_modified_time":"2024-10-10T13:42:35+00:00","og_image":[{"url":"https:\/\/italchamber.qc.ca\/wp-content\/uploads\/2024\/10\/PV-2017-2K-sponsors.jpg","type":"","width":"","height":""}],"author":"motto","twitter_card":"summary_large_image","twitter_misc":{"Scritto da":"motto","Tempo di lettura stimato":"2 minuti"},"schema":{"@context":"https:\/\/schema.org","@graph":[{"@type":"Article","@id":"https:\/\/italchamber.qc.ca\/it\/premio-venezia-2017-appello-alle-candidature\/#article","isPartOf":{"@id":"https:\/\/italchamber.qc.ca\/it\/premio-venezia-2017-appello-alle-candidature\/"},"author":{"name":"motto","@id":"https:\/\/italchamber.qc.ca\/it\/#\/schema\/person\/5d0a4b1c8e83b4e9dd9922240324353e"},"headline":"Premio Venezia 2017 : Appello alle Candidature","datePublished":"2017-06-21T15:23:05+00:00","dateModified":"2024-10-10T13:42:35+00:00","mainEntityOfPage":{"@id":"https:\/\/italchamber.qc.ca\/it\/premio-venezia-2017-appello-alle-candidature\/"},"wordCount":480,"publisher":{"@id":"https:\/\/italchamber.qc.ca\/it\/#organization"},"image":{"@id":"https:\/\/italchamber.qc.ca\/it\/premio-venezia-2017-appello-alle-candidature\/#primaryimage"},"thumbnailUrl":"https:\/\/italchamber.qc.ca\/wp-content\/uploads\/2024\/10\/PV-2017-2K-sponsors.jpg","keywords":["Featured"],"articleSection":["CCIC News","News"],"inLanguage":"it-IT"},{"@type":"WebPage","@id":"https:\/\/italchamber.qc.ca\/it\/premio-venezia-2017-appello-alle-candidature\/","url":"https:\/\/italchamber.qc.ca\/it\/premio-venezia-2017-appello-alle-candidature\/","name":"Premio Venezia 2017 : Appello alle Candidature - ICCC","isPartOf":{"@id":"https:\/\/italchamber.qc.ca\/it\/#website"},"primaryImageOfPage":{"@id":"https:\/\/italchamber.qc.ca\/it\/premio-venezia-2017-appello-alle-candidature\/#primaryimage"},"image":{"@id":"https:\/\/italchamber.qc.ca\/it\/premio-venezia-2017-appello-alle-candidature\/#primaryimage"},"thumbnailUrl":"https:\/\/italchamber.qc.ca\/wp-content\/uploads\/2024\/10\/PV-2017-2K-sponsors.jpg","datePublished":"2017-06-21T15:23:05+00:00","dateModified":"2024-10-10T13:42:35+00:00","breadcrumb":{"@id":"https:\/\/italchamber.qc.ca\/it\/premio-venezia-2017-appello-alle-candidature\/#breadcrumb"},"inLanguage":"it-IT","potentialAction":[{"@type":"ReadAction","target":["https:\/\/italchamber.qc.ca\/it\/premio-venezia-2017-appello-alle-candidature\/"]}]},{"@type":"ImageObject","inLanguage":"it-IT","@id":"https:\/\/italchamber.qc.ca\/it\/premio-venezia-2017-appello-alle-candidature\/#primaryimage","url":"https:\/\/italchamber.qc.ca\/wp-content\/uploads\/2024\/10\/PV-2017-2K-sponsors.jpg","contentUrl":"https:\/\/italchamber.qc.ca\/wp-content\/uploads\/2024\/10\/PV-2017-2K-sponsors.jpg"},{"@type":"BreadcrumbList","@id":"https:\/\/italchamber.qc.ca\/it\/premio-venezia-2017-appello-alle-candidature\/#breadcrumb","itemListElement":[{"@type":"ListItem","position":1,"name":"Home","item":"https:\/\/italchamber.qc.ca\/it\/home\/"},{"@type":"ListItem","position":2,"name":"Premio Venezia 2017 : Appello alle Candidature"}]},{"@type":"WebSite","@id":"https:\/\/italchamber.qc.ca\/it\/#website","url":"https:\/\/italchamber.qc.ca\/it\/","name":"ICCC","description":"Italian Chamber of Commerce in Canada","publisher":{"@id":"https:\/\/italchamber.qc.ca\/it\/#organization"},"potentialAction":[{"@type":"SearchAction","target":{"@type":"EntryPoint","urlTemplate":"https:\/\/italchamber.qc.ca\/it\/?s={search_term_string}"},"query-input":{"@type":"PropertyValueSpecification","valueRequired":true,"valueName":"search_term_string"}}],"inLanguage":"it-IT"},{"@type":"Organization","@id":"https:\/\/italchamber.qc.ca\/it\/#organization","name":"ICCC","url":"https:\/\/italchamber.qc.ca\/it\/","logo":{"@type":"ImageObject","inLanguage":"it-IT","@id":"https:\/\/italchamber.qc.ca\/it\/#\/schema\/logo\/image\/","url":"https:\/\/italchamber.qc.ca\/wp-content\/uploads\/2025\/05\/ICCC-Logo-Italian.svg","contentUrl":"https:\/\/italchamber.qc.ca\/wp-content\/uploads\/2025\/05\/ICCC-Logo-Italian.svg","caption":"ICCC"},"image":{"@id":"https:\/\/italchamber.qc.ca\/it\/#\/schema\/logo\/image\/"}},{"@type":"Person","@id":"https:\/\/italchamber.qc.ca\/it\/#\/schema\/person\/5d0a4b1c8e83b4e9dd9922240324353e","name":"motto","sameAs":["http:\/\/italchamber.qc.ca"]}]}},"_links":{"self":[{"href":"https:\/\/italchamber.qc.ca\/it\/wp-json\/wp\/v2\/posts\/2950","targetHints":{"allow":["GET"]}}],"collection":[{"href":"https:\/\/italchamber.qc.ca\/it\/wp-json\/wp\/v2\/posts"}],"about":[{"href":"https:\/\/italchamber.qc.ca\/it\/wp-json\/wp\/v2\/types\/post"}],"author":[{"embeddable":true,"href":"https:\/\/italchamber.qc.ca\/it\/wp-json\/wp\/v2\/users\/1"}],"replies":[{"embeddable":true,"href":"https:\/\/italchamber.qc.ca\/it\/wp-json\/wp\/v2\/comments?post=2950"}],"version-history":[{"count":1,"href":"https:\/\/italchamber.qc.ca\/it\/wp-json\/wp\/v2\/posts\/2950\/revisions"}],"predecessor-version":[{"id":2951,"href":"https:\/\/italchamber.qc.ca\/it\/wp-json\/wp\/v2\/posts\/2950\/revisions\/2951"}],"wp:attachment":[{"href":"https:\/\/italchamber.qc.ca\/it\/wp-json\/wp\/v2\/media?parent=2950"}],"wp:term":[{"taxonomy":"category","embeddable":true,"href":"https:\/\/italchamber.qc.ca\/it\/wp-json\/wp\/v2\/categories?post=2950"},{"taxonomy":"post_tag","embeddable":true,"href":"https:\/\/italchamber.qc.ca\/it\/wp-json\/wp\/v2\/tags?post=2950"}],"curies":[{"name":"wp","href":"https:\/\/api.w.org\/{rel}","templated":true}]}}