{"id":2858,"date":"2017-05-25T16:30:17","date_gmt":"2017-05-25T16:30:17","guid":{"rendered":"https:\/\/italchamber.qc.ca\/opportunita-di-lavoro-addetto-a-agli-affari-economici\/"},"modified":"2024-10-10T18:49:54","modified_gmt":"2024-10-10T18:49:54","slug":"opportunita-di-lavoro-addetto-a-agli-affari-economici","status":"publish","type":"post","link":"https:\/\/italchamber.qc.ca\/it\/opportunita-di-lavoro-addetto-a-agli-affari-economici\/","title":{"rendered":"Opportunit\u00e0 di lavoro &#8211; Addetto\/a agli Affari economici"},"content":{"rendered":"<p>La <strong><a class=\"profileLink\" href=\"http:\/\/www.international.gouv.qc.ca\/it\/rome\" target=\"_blank\" rel=\"noopener noreferrer\" data-hovercard=\"\/ajax\/hovercard\/page.php?id=117567854969666&amp;extragetparams=%7B%22fref%22%3A%22mentions%22%7D\" data-hovercard-prefer-more-content-show=\"1\" data-hovercard-obj-id=\"117567854969666\">Delegazione del Qu\u00e9bec a Roma<\/a><\/strong> \u00e8 alla ricerca di un Addetto agli Affari Economici. \u00c8 un\u2019opportunit\u00e0 di lavoro stradorinaria. Se ha le competenze necessarie e il posto l\u2019interessa, ecco il bando :\u00a0<a href=\"http:\/\/bit.ly\/2ql7RJu\" target=\"_blank\" rel=\"nofollow noopener noreferrer\">http:\/\/bit.ly\/2ql7RJu<\/a><\/p>\n","protected":false},"excerpt":{"rendered":"<p>La Delegazione del Qu\u00e9bec a Roma \u00e8 alla ricerca di un Addetto agli Affari Economici. \u00c8 un\u2019opportunit\u00e0 di lavoro stradorinaria. Se ha le competenze necessarie e il posto l\u2019interessa, ecco il bando :\u00a0http:\/\/bit.ly\/2ql7RJu<\/p>\n","protected":false},"author":1,"featured_media":2852,"comment_status":"closed","ping_status":"closed","sticky":false,"template":"","format":"standard","meta":{"_acf_changed":false,"inline_featured_image":false,"footnotes":""},"categories":[158,104],"tags":[],"class_list":["post-2858","post","type-post","status-publish","format-standard","has-post-thumbnail","hentry","category-ccic-news-news-it-2","category-news-it-2"],"acf":[],"yoast_head":"<!-- This site is optimized with the Yoast SEO plugin v27.4 - https:\/\/yoast.com\/product\/yoast-seo-wordpress\/ -->\n<title>Opportunit\u00e0 di lavoro - Addetto\/a agli Affari economici - ICCC<\/title>\n<meta name=\"robots\" content=\"index, follow, max-snippet:-1, max-image-preview:large, max-video-preview:-1\" \/>\n<link rel=\"canonical\" href=\"https:\/\/italchamber.qc.ca\/it\/opportunita-di-lavoro-addetto-a-agli-affari-economici\/\" \/>\n<meta property=\"og:locale\" content=\"it_IT\" \/>\n<meta property=\"og:type\" content=\"article\" \/>\n<meta property=\"og:title\" content=\"Opportunit\u00e0 di lavoro - Addetto\/a agli Affari economici - ICCC\" \/>\n<meta property=\"og:description\" content=\"La Delegazione del Qu\u00e9bec a Roma \u00e8 alla ricerca di un Addetto agli Affari Economici. \u00c8 un\u2019opportunit\u00e0 di lavoro stradorinaria. Se ha le competenze necessarie e il posto l\u2019interessa, ecco il bando :\u00a0http:\/\/bit.ly\/2ql7RJu\" \/>\n<meta property=\"og:url\" content=\"https:\/\/italchamber.qc.ca\/it\/opportunita-di-lavoro-addetto-a-agli-affari-economici\/\" \/>\n<meta property=\"og:site_name\" content=\"ICCC\" \/>\n<meta property=\"article:published_time\" content=\"2017-05-25T16:30:17+00:00\" \/>\n<meta property=\"article:modified_time\" content=\"2024-10-10T18:49:54+00:00\" \/>\n<meta property=\"og:image\" content=\"https:\/\/italchamber.qc.ca\/wp-content\/uploads\/2024\/10\/Appel-Canadidature-Delegation-Qc-webpage.jpg\" \/>\n\t<meta property=\"og:image:width\" content=\"860\" \/>\n\t<meta property=\"og:image:height\" content=\"315\" \/>\n\t<meta property=\"og:image:type\" content=\"image\/jpeg\" \/>\n<meta name=\"author\" content=\"motto\" \/>\n<meta name=\"twitter:card\" content=\"summary_large_image\" \/>\n<meta name=\"twitter:label1\" content=\"Scritto da\" \/>\n\t<meta name=\"twitter:data1\" content=\"motto\" \/>\n<script type=\"application\/ld+json\" class=\"yoast-schema-graph\">{\"@context\":\"https:\\\/\\\/schema.org\",\"@graph\":[{\"@type\":\"Article\",\"@id\":\"https:\\\/\\\/italchamber.qc.ca\\\/it\\\/opportunita-di-lavoro-addetto-a-agli-affari-economici\\\/#article\",\"isPartOf\":{\"@id\":\"https:\\\/\\\/italchamber.qc.ca\\\/it\\\/opportunita-di-lavoro-addetto-a-agli-affari-economici\\\/\"},\"author\":{\"name\":\"motto\",\"@id\":\"https:\\\/\\\/italchamber.qc.ca\\\/it\\\/#\\\/schema\\\/person\\\/5d0a4b1c8e83b4e9dd9922240324353e\"},\"headline\":\"Opportunit\u00e0 di lavoro &#8211; Addetto\\\/a agli Affari economici\",\"datePublished\":\"2017-05-25T16:30:17+00:00\",\"dateModified\":\"2024-10-10T18:49:54+00:00\",\"mainEntityOfPage\":{\"@id\":\"https:\\\/\\\/italchamber.qc.ca\\\/it\\\/opportunita-di-lavoro-addetto-a-agli-affari-economici\\\/\"},\"wordCount\":47,\"publisher\":{\"@id\":\"https:\\\/\\\/italchamber.qc.ca\\\/it\\\/#organization\"},\"image\":{\"@id\":\"https:\\\/\\\/italchamber.qc.ca\\\/it\\\/opportunita-di-lavoro-addetto-a-agli-affari-economici\\\/#primaryimage\"},\"thumbnailUrl\":\"https:\\\/\\\/italchamber.qc.ca\\\/wp-content\\\/uploads\\\/2024\\\/10\\\/Appel-Canadidature-Delegation-Qc-webpage.jpg\",\"articleSection\":[\"CCIC News\",\"News\"],\"inLanguage\":\"it-IT\"},{\"@type\":\"WebPage\",\"@id\":\"https:\\\/\\\/italchamber.qc.ca\\\/it\\\/opportunita-di-lavoro-addetto-a-agli-affari-economici\\\/\",\"url\":\"https:\\\/\\\/italchamber.qc.ca\\\/it\\\/opportunita-di-lavoro-addetto-a-agli-affari-economici\\\/\",\"name\":\"Opportunit\u00e0 di lavoro - Addetto\\\/a agli Affari economici - ICCC\",\"isPartOf\":{\"@id\":\"https:\\\/\\\/italchamber.qc.ca\\\/it\\\/#website\"},\"primaryImageOfPage\":{\"@id\":\"https:\\\/\\\/italchamber.qc.ca\\\/it\\\/opportunita-di-lavoro-addetto-a-agli-affari-economici\\\/#primaryimage\"},\"image\":{\"@id\":\"https:\\\/\\\/italchamber.qc.ca\\\/it\\\/opportunita-di-lavoro-addetto-a-agli-affari-economici\\\/#primaryimage\"},\"thumbnailUrl\":\"https:\\\/\\\/italchamber.qc.ca\\\/wp-content\\\/uploads\\\/2024\\\/10\\\/Appel-Canadidature-Delegation-Qc-webpage.jpg\",\"datePublished\":\"2017-05-25T16:30:17+00:00\",\"dateModified\":\"2024-10-10T18:49:54+00:00\",\"breadcrumb\":{\"@id\":\"https:\\\/\\\/italchamber.qc.ca\\\/it\\\/opportunita-di-lavoro-addetto-a-agli-affari-economici\\\/#breadcrumb\"},\"inLanguage\":\"it-IT\",\"potentialAction\":[{\"@type\":\"ReadAction\",\"target\":[\"https:\\\/\\\/italchamber.qc.ca\\\/it\\\/opportunita-di-lavoro-addetto-a-agli-affari-economici\\\/\"]}]},{\"@type\":\"ImageObject\",\"inLanguage\":\"it-IT\",\"@id\":\"https:\\\/\\\/italchamber.qc.ca\\\/it\\\/opportunita-di-lavoro-addetto-a-agli-affari-economici\\\/#primaryimage\",\"url\":\"https:\\\/\\\/italchamber.qc.ca\\\/wp-content\\\/uploads\\\/2024\\\/10\\\/Appel-Canadidature-Delegation-Qc-webpage.jpg\",\"contentUrl\":\"https:\\\/\\\/italchamber.qc.ca\\\/wp-content\\\/uploads\\\/2024\\\/10\\\/Appel-Canadidature-Delegation-Qc-webpage.jpg\",\"width\":860,\"height\":315},{\"@type\":\"BreadcrumbList\",\"@id\":\"https:\\\/\\\/italchamber.qc.ca\\\/it\\\/opportunita-di-lavoro-addetto-a-agli-affari-economici\\\/#breadcrumb\",\"itemListElement\":[{\"@type\":\"ListItem\",\"position\":1,\"name\":\"Home\",\"item\":\"https:\\\/\\\/italchamber.qc.ca\\\/it\\\/home\\\/\"},{\"@type\":\"ListItem\",\"position\":2,\"name\":\"Opportunit\u00e0 di lavoro &#8211; Addetto\\\/a agli Affari economici\"}]},{\"@type\":\"WebSite\",\"@id\":\"https:\\\/\\\/italchamber.qc.ca\\\/it\\\/#website\",\"url\":\"https:\\\/\\\/italchamber.qc.ca\\\/it\\\/\",\"name\":\"ICCC\",\"description\":\"Italian Chamber of Commerce in Canada\",\"publisher\":{\"@id\":\"https:\\\/\\\/italchamber.qc.ca\\\/it\\\/#organization\"},\"potentialAction\":[{\"@type\":\"SearchAction\",\"target\":{\"@type\":\"EntryPoint\",\"urlTemplate\":\"https:\\\/\\\/italchamber.qc.ca\\\/it\\\/?s={search_term_string}\"},\"query-input\":{\"@type\":\"PropertyValueSpecification\",\"valueRequired\":true,\"valueName\":\"search_term_string\"}}],\"inLanguage\":\"it-IT\"},{\"@type\":\"Organization\",\"@id\":\"https:\\\/\\\/italchamber.qc.ca\\\/it\\\/#organization\",\"name\":\"ICCC\",\"url\":\"https:\\\/\\\/italchamber.qc.ca\\\/it\\\/\",\"logo\":{\"@type\":\"ImageObject\",\"inLanguage\":\"it-IT\",\"@id\":\"https:\\\/\\\/italchamber.qc.ca\\\/it\\\/#\\\/schema\\\/logo\\\/image\\\/\",\"url\":\"https:\\\/\\\/italchamber.qc.ca\\\/wp-content\\\/uploads\\\/2025\\\/05\\\/ICCC-Logo-Italian.svg\",\"contentUrl\":\"https:\\\/\\\/italchamber.qc.ca\\\/wp-content\\\/uploads\\\/2025\\\/05\\\/ICCC-Logo-Italian.svg\",\"caption\":\"ICCC\"},\"image\":{\"@id\":\"https:\\\/\\\/italchamber.qc.ca\\\/it\\\/#\\\/schema\\\/logo\\\/image\\\/\"}},{\"@type\":\"Person\",\"@id\":\"https:\\\/\\\/italchamber.qc.ca\\\/it\\\/#\\\/schema\\\/person\\\/5d0a4b1c8e83b4e9dd9922240324353e\",\"name\":\"motto\",\"sameAs\":[\"http:\\\/\\\/italchamber.qc.ca\"]}]}<\/script>\n<!-- \/ Yoast SEO plugin. -->","yoast_head_json":{"title":"Opportunit\u00e0 di lavoro - Addetto\/a agli Affari economici - ICCC","robots":{"index":"index","follow":"follow","max-snippet":"max-snippet:-1","max-image-preview":"max-image-preview:large","max-video-preview":"max-video-preview:-1"},"canonical":"https:\/\/italchamber.qc.ca\/it\/opportunita-di-lavoro-addetto-a-agli-affari-economici\/","og_locale":"it_IT","og_type":"article","og_title":"Opportunit\u00e0 di lavoro - Addetto\/a agli Affari economici - ICCC","og_description":"La Delegazione del Qu\u00e9bec a Roma \u00e8 alla ricerca di un Addetto agli Affari Economici. \u00c8 un\u2019opportunit\u00e0 di lavoro stradorinaria. Se ha le competenze necessarie e il posto l\u2019interessa, ecco il bando :\u00a0http:\/\/bit.ly\/2ql7RJu","og_url":"https:\/\/italchamber.qc.ca\/it\/opportunita-di-lavoro-addetto-a-agli-affari-economici\/","og_site_name":"ICCC","article_published_time":"2017-05-25T16:30:17+00:00","article_modified_time":"2024-10-10T18:49:54+00:00","og_image":[{"width":860,"height":315,"url":"https:\/\/italchamber.qc.ca\/wp-content\/uploads\/2024\/10\/Appel-Canadidature-Delegation-Qc-webpage.jpg","type":"image\/jpeg"}],"author":"motto","twitter_card":"summary_large_image","twitter_misc":{"Scritto da":"motto"},"schema":{"@context":"https:\/\/schema.org","@graph":[{"@type":"Article","@id":"https:\/\/italchamber.qc.ca\/it\/opportunita-di-lavoro-addetto-a-agli-affari-economici\/#article","isPartOf":{"@id":"https:\/\/italchamber.qc.ca\/it\/opportunita-di-lavoro-addetto-a-agli-affari-economici\/"},"author":{"name":"motto","@id":"https:\/\/italchamber.qc.ca\/it\/#\/schema\/person\/5d0a4b1c8e83b4e9dd9922240324353e"},"headline":"Opportunit\u00e0 di lavoro &#8211; Addetto\/a agli Affari economici","datePublished":"2017-05-25T16:30:17+00:00","dateModified":"2024-10-10T18:49:54+00:00","mainEntityOfPage":{"@id":"https:\/\/italchamber.qc.ca\/it\/opportunita-di-lavoro-addetto-a-agli-affari-economici\/"},"wordCount":47,"publisher":{"@id":"https:\/\/italchamber.qc.ca\/it\/#organization"},"image":{"@id":"https:\/\/italchamber.qc.ca\/it\/opportunita-di-lavoro-addetto-a-agli-affari-economici\/#primaryimage"},"thumbnailUrl":"https:\/\/italchamber.qc.ca\/wp-content\/uploads\/2024\/10\/Appel-Canadidature-Delegation-Qc-webpage.jpg","articleSection":["CCIC News","News"],"inLanguage":"it-IT"},{"@type":"WebPage","@id":"https:\/\/italchamber.qc.ca\/it\/opportunita-di-lavoro-addetto-a-agli-affari-economici\/","url":"https:\/\/italchamber.qc.ca\/it\/opportunita-di-lavoro-addetto-a-agli-affari-economici\/","name":"Opportunit\u00e0 di lavoro - Addetto\/a agli Affari economici - ICCC","isPartOf":{"@id":"https:\/\/italchamber.qc.ca\/it\/#website"},"primaryImageOfPage":{"@id":"https:\/\/italchamber.qc.ca\/it\/opportunita-di-lavoro-addetto-a-agli-affari-economici\/#primaryimage"},"image":{"@id":"https:\/\/italchamber.qc.ca\/it\/opportunita-di-lavoro-addetto-a-agli-affari-economici\/#primaryimage"},"thumbnailUrl":"https:\/\/italchamber.qc.ca\/wp-content\/uploads\/2024\/10\/Appel-Canadidature-Delegation-Qc-webpage.jpg","datePublished":"2017-05-25T16:30:17+00:00","dateModified":"2024-10-10T18:49:54+00:00","breadcrumb":{"@id":"https:\/\/italchamber.qc.ca\/it\/opportunita-di-lavoro-addetto-a-agli-affari-economici\/#breadcrumb"},"inLanguage":"it-IT","potentialAction":[{"@type":"ReadAction","target":["https:\/\/italchamber.qc.ca\/it\/opportunita-di-lavoro-addetto-a-agli-affari-economici\/"]}]},{"@type":"ImageObject","inLanguage":"it-IT","@id":"https:\/\/italchamber.qc.ca\/it\/opportunita-di-lavoro-addetto-a-agli-affari-economici\/#primaryimage","url":"https:\/\/italchamber.qc.ca\/wp-content\/uploads\/2024\/10\/Appel-Canadidature-Delegation-Qc-webpage.jpg","contentUrl":"https:\/\/italchamber.qc.ca\/wp-content\/uploads\/2024\/10\/Appel-Canadidature-Delegation-Qc-webpage.jpg","width":860,"height":315},{"@type":"BreadcrumbList","@id":"https:\/\/italchamber.qc.ca\/it\/opportunita-di-lavoro-addetto-a-agli-affari-economici\/#breadcrumb","itemListElement":[{"@type":"ListItem","position":1,"name":"Home","item":"https:\/\/italchamber.qc.ca\/it\/home\/"},{"@type":"ListItem","position":2,"name":"Opportunit\u00e0 di lavoro &#8211; Addetto\/a agli Affari economici"}]},{"@type":"WebSite","@id":"https:\/\/italchamber.qc.ca\/it\/#website","url":"https:\/\/italchamber.qc.ca\/it\/","name":"ICCC","description":"Italian Chamber of Commerce in Canada","publisher":{"@id":"https:\/\/italchamber.qc.ca\/it\/#organization"},"potentialAction":[{"@type":"SearchAction","target":{"@type":"EntryPoint","urlTemplate":"https:\/\/italchamber.qc.ca\/it\/?s={search_term_string}"},"query-input":{"@type":"PropertyValueSpecification","valueRequired":true,"valueName":"search_term_string"}}],"inLanguage":"it-IT"},{"@type":"Organization","@id":"https:\/\/italchamber.qc.ca\/it\/#organization","name":"ICCC","url":"https:\/\/italchamber.qc.ca\/it\/","logo":{"@type":"ImageObject","inLanguage":"it-IT","@id":"https:\/\/italchamber.qc.ca\/it\/#\/schema\/logo\/image\/","url":"https:\/\/italchamber.qc.ca\/wp-content\/uploads\/2025\/05\/ICCC-Logo-Italian.svg","contentUrl":"https:\/\/italchamber.qc.ca\/wp-content\/uploads\/2025\/05\/ICCC-Logo-Italian.svg","caption":"ICCC"},"image":{"@id":"https:\/\/italchamber.qc.ca\/it\/#\/schema\/logo\/image\/"}},{"@type":"Person","@id":"https:\/\/italchamber.qc.ca\/it\/#\/schema\/person\/5d0a4b1c8e83b4e9dd9922240324353e","name":"motto","sameAs":["http:\/\/italchamber.qc.ca"]}]}},"_links":{"self":[{"href":"https:\/\/italchamber.qc.ca\/it\/wp-json\/wp\/v2\/posts\/2858","targetHints":{"allow":["GET"]}}],"collection":[{"href":"https:\/\/italchamber.qc.ca\/it\/wp-json\/wp\/v2\/posts"}],"about":[{"href":"https:\/\/italchamber.qc.ca\/it\/wp-json\/wp\/v2\/types\/post"}],"author":[{"embeddable":true,"href":"https:\/\/italchamber.qc.ca\/it\/wp-json\/wp\/v2\/users\/1"}],"replies":[{"embeddable":true,"href":"https:\/\/italchamber.qc.ca\/it\/wp-json\/wp\/v2\/comments?post=2858"}],"version-history":[{"count":1,"href":"https:\/\/italchamber.qc.ca\/it\/wp-json\/wp\/v2\/posts\/2858\/revisions"}],"predecessor-version":[{"id":2859,"href":"https:\/\/italchamber.qc.ca\/it\/wp-json\/wp\/v2\/posts\/2858\/revisions\/2859"}],"wp:featuredmedia":[{"embeddable":true,"href":"https:\/\/italchamber.qc.ca\/it\/wp-json\/wp\/v2\/media\/2852"}],"wp:attachment":[{"href":"https:\/\/italchamber.qc.ca\/it\/wp-json\/wp\/v2\/media?parent=2858"}],"wp:term":[{"taxonomy":"category","embeddable":true,"href":"https:\/\/italchamber.qc.ca\/it\/wp-json\/wp\/v2\/categories?post=2858"},{"taxonomy":"post_tag","embeddable":true,"href":"https:\/\/italchamber.qc.ca\/it\/wp-json\/wp\/v2\/tags?post=2858"}],"curies":[{"name":"wp","href":"https:\/\/api.w.org\/{rel}","templated":true}]}}